{"id":5251,"date":"2020-01-27T18:13:07","date_gmt":"2020-01-27T17:13:07","guid":{"rendered":"https:\/\/www.italy-travels.it\/?p=5251"},"modified":"2020-01-27T18:13:07","modified_gmt":"2020-01-27T17:13:07","slug":"les-expositions-dart-en-italie-en-2020-conseils-et-infos","status":"publish","type":"post","link":"https:\/\/www.italy-travels.it\/fr\/les-expositions-dart-en-italie-en-2020-conseils-et-infos\/","title":{"rendered":"Les expositions d&rsquo;art en Italie en 2020, conseils et infos"},"content":{"rendered":"<p>Les <a href=\"https:\/\/www.italy-travels.it\/fr\/raffaello-a-rome-la-grande-exposition-aux-ecuries-du-quirinal-a-500-de-sa-mort\/\">expositions d\u2019art<\/a> en Italie en 2020 sont l\u2019occasion parfaite pour s\u2019immerger dans l\u2019art, gr\u00e2ce aux expositions des plus grands artistes, peintres et photographes.<\/p>\n<p>Depuis octobre jusqu\u2019\u00e0 mars, pour les plus curieux et int\u00e9ress\u00e9s voici les expositions \u00e0 ne pas manquer!<\/p>\n<p><img loading=\"lazy\" decoding=\"async\" class=\"aligncenter size-full wp-image-5257\" src=\"https:\/\/www.italy-travels.it\/wp-content\/uploads\/2020\/01\/IMG-4589.jpg\" alt=\"Expositions en Italie 2020\" width=\"600\" height=\"450\" srcset=\"https:\/\/www.italy-travels.it\/wp-content\/uploads\/2020\/01\/IMG-4589.jpg 600w, https:\/\/www.italy-travels.it\/wp-content\/uploads\/2020\/01\/IMG-4589-480x360.jpg 480w\" sizes=\"(min-width: 0px) and (max-width: 480px) 480px, (min-width: 481px) 600px, 100vw\" \/><\/p>\n<h5>Expositions en Italie 2020: Frida Kahlo &#8211; Il caos dentro<\/h5>\n<p>Du 12 octobre au 29 mars 2020 \u00e0 l\u2019espace \u201cSet Spazio Eventi Tirso\u201d est c\u00e9l\u00e9br\u00e9e la figure de Frida Kahlo \u00e0 travers l\u2019exposition \u201cIl Caos Dentro\u201d. Le titre met en \u00e9vidence la personnalit\u00e9 d\u2019une des plus grandes artistes de tous les temps, une femme qui n\u2019a jamais eu crainte d\u2019exprimer ses id\u00e9es.<\/p>\n<p>\u00c0 <a href=\"https:\/\/www.italy-travels.it\/fr\/shopping-et-pauses-cafe-a-rome\/\">Rome<\/a>, l\u2019exposition est plus une exp\u00e9rience sensorielle dans la vie de Frida Kahlo, en effet aucune de ses \u0153uvres n\u2019est expos\u00e9e.<\/p>\n<pre>Frida Kahlo: qui \u00e9tait-elle?<\/pre>\n<p>Magdalena Carmen Frida Kahlo y Calderon, connue comme Frida Kahlo, est sans aucun doute la femme peintre mexicaine la plus connue. C\u00e9l\u00e8bre pour son talent artistique mais aussi pour sa vie tourment\u00e9e.<\/p>\n<p>D\u00e8s l\u2019adolescence, Frida manifeste un grand talent artistique et un esprit ind\u00e9pendant.<\/p>\n<p>\u00c0 partir de l\u00e0 se d\u00e9veloppe son amour pour le portrait.<\/p>\n<p>Ses \u0153uvres illustrent les moments les plus difficiles de sa vie, comme le grave accident de 1925, duquel elle aura une fracture au bassin.<\/p>\n<p>Malgr\u00e9 les graves cons\u00e9quences qui conditionn\u00e8rent sa sant\u00e9, Frida ne l\u00e2che pas se consacrant \u00e0 la peinture.<\/p>\n<p>Pendant sa convalescence elle lit de nombreux livres sur th\u00e8me communiste et bien entendu continue \u00e0 peindre. Frida Kahlo montre ses peintures au c\u00e9l\u00e8bre Diego Rivera qui fut fascin\u00e9 par le style de la jeune fille et l\u2019introduisit dans la vie politique et culturelle mexicaine.<\/p>\n<p>C\u2019est comme \u00e7a qu\u2019elle devint une activiste du Parti communiste. En 1929 les deux se marient et divorcent 10 ans apr\u00e8s suite \u00e0 une trahison de la part de Rivera. Apr\u00e8s une ann\u00e9e ils se rapprochent pour se remarier. Frida commence \u00e0 peindre de petits portraits en mettant en \u00e9vidence avec fiert\u00e9 son identit\u00e9 mexicaine.<\/p>\n<p><img loading=\"lazy\" decoding=\"async\" class=\"aligncenter size-large wp-image-5260\" src=\"https:\/\/www.italy-travels.it\/wp-content\/uploads\/2020\/01\/C3598A51-9E2F-4744-8395-FDBA544CC92A-3-1024x576-1024x576.jpg\" alt=\"Expositions en Italie 2020\" width=\"1024\" height=\"576\" srcset=\"https:\/\/www.italy-travels.it\/wp-content\/uploads\/2020\/01\/C3598A51-9E2F-4744-8395-FDBA544CC92A-3-1024x576-1024x576.jpg 1024w, https:\/\/www.italy-travels.it\/wp-content\/uploads\/2020\/01\/C3598A51-9E2F-4744-8395-FDBA544CC92A-3-1024x576-980x551.jpg 980w, https:\/\/www.italy-travels.it\/wp-content\/uploads\/2020\/01\/C3598A51-9E2F-4744-8395-FDBA544CC92A-3-1024x576-480x270.jpg 480w\" sizes=\"(min-width: 0px) and (max-width: 480px) 480px, (min-width: 481px) and (max-width: 980px) 980px, (min-width: 981px) 1024px, 100vw\" \/><\/p>\n<h5>Expositions en Italie 2020: Inside Magritte, une exposition multim\u00e9dia \u00e0 Florence<\/h5>\n<p>De novembre\u00a0\u00a0\u00e0 mars, dans l\u2019\u00c9glise de Santo Stefano al Ponte seront pr\u00e9sent\u00e9es les \u0153uvres et la vie de Magritte. Le but du surr\u00e9aliste Magritte \u00e9tait de montrer \u00e0 travers ses \u0153uvres d\u2019art le myst\u00e8re et l\u2019inconnu. D\u2019une dur\u00e9e de 50 minutes vous pourrez vivre \u00e0 360 degr\u00e9s l\u2019univers surr\u00e9aliste de Magritte.<\/p>\n<p>Inside Magritte est une exposition qui vous permettra de vous plonger dans les tableaux les plus importants et devenus symbole du Novecento.<\/p>\n<p>Images d\u2019hommes qui flottent dans les cieux des m\u00e9tropoles, corps humains avec t\u00eates de poisson et l\u2019ambigu\u00eb pipe non pipe, \u0153uvre intitul\u00e9e\u00a0\u00a0\u201cCeci n\u2019est pas une pipe\u201d. Gr\u00e2ce aux sons, les images et aux musiques, l\u2019exposition est encore plus prenante.<\/p>\n<pre>Magritte: qui \u00e9tait-il?<\/pre>\n<p>Ren\u00e9 Magritte est un des principaux exposants du Surr\u00e9alisme. En plus de son talent \u00e9vident, Magritte est devenu c\u00e9l\u00e8bre gr\u00e2ce \u00e0 sa capacit\u00e9 \u00e0 provoquer des doutes dans le r\u00e9el. L\u2019artiste repr\u00e9sente des sujets r\u00e9alistes avec des d\u00e9tails insolites qui portent \u00e0 l\u2019\u0153uvre une signification insolite.<\/p>\n<h5>Expositions en Italie 2020:\u00a0Mostre in Italia: \u201cImpressioni d\u2019Oriente \u2013 Arte e collezionismo tra Europa e Giappone\u201d \u00e0 Milan<\/h5>\n<p>Du 1 octobre au 02 f\u00e9vrier 2020, le MUDEC repr\u00e9sentera les \u00e9changes entre le Japon et l\u2019Europe qui eurent lieu entre 1860 et 1900. Un d\u00e9veloppement artistique vers le Japon qui influen\u00e7a l\u2019Occident (France et Italie) \u00e0 la fin du XIXe si\u00e8cle et au d\u00e9but du XXe si\u00e8cle. De cette mani\u00e8re, l\u2019exposition \u201cImpressioni d\u2019Oriente\u201d met en \u00e9vidence l\u2019influence de la culture orientale a eut sur les artistes occidentaux dans l\u2019Ottocento. Pendant ces ann\u00e9es le Japon mis finit \u00e0 l\u2019isolement \u00e0 travers une s\u00e9rie de trait\u00e9s. En cons\u00e9quence, en Europe, arriv\u00e8rent des produits japonais comme des v\u00eatements, \u00e9ventails, estampes et porcelaines. De nombreux artistes commenc\u00e8rent \u00e0 suivre \u00ab\u00a0Japonisme\u201d, tels Manet, Monet, Degas, Gauguin et Van Gogh.<\/p>\n<p>En effet, le but de cette exposition est de mettre face \u00e0 face les peintures impressionnistes et les chefs d\u2019\u0153uvre de l\u2019art japonais.<\/p>\n<h6>Conseils<\/h6>\n<p>Un dernier conseil, qui voudra pourra acheter en avance les billets ou les tours guid\u00e9s pour visiter le autres attractions touristiques de la ville!<\/p>\n","protected":false},"excerpt":{"rendered":"<p>Les expositions d\u2019art en Italie en 2020 sont l\u2019occasion parfaite pour s\u2019immerger dans l\u2019art, gr\u00e2ce aux expositions des plus grands artistes.<\/p>\n","protected":false},"author":1,"featured_media":5254,"comment_status":"closed","ping_status":"closed","sticky":false,"template":"","format":"standard","meta":{"_et_pb_use_builder":"","_et_pb_old_content":"","_et_gb_content_width":"","footnotes":""},"categories":[154],"tags":[],"class_list":["post-5251","post","type-post","status-publish","format-standard","has-post-thumbnail","hentry","category-non-classifiee"],"yoast_head":"<!-- This site is optimized with the Yoast SEO plugin v25.6 - https:\/\/yoast.com\/wordpress\/plugins\/seo\/ -->\n<title>Les expositions d&#039;art en Italie en 2020: \u00e0 ne pas manquer<\/title>\n<meta name=\"description\" content=\"Les expositions d\u2019art en Italie en 2020 sont l\u2019occasion parfaite pour s\u2019immerger dans l\u2019art, gr\u00e2ce aux expositions des plus grands artistes.\" \/>\n<meta name=\"robots\" content=\"index, follow, max-snippet:-1, max-image-preview:large, max-video-preview:-1\" \/>\n<link rel=\"canonical\" href=\"https:\/\/www.italy-travels.it\/fr\/les-expositions-dart-en-italie-en-2020-conseils-et-infos\/\" \/>\n<meta property=\"og:locale\" content=\"fr_FR\" \/>\n<meta property=\"og:type\" content=\"article\" \/>\n<meta property=\"og:title\" content=\"Les expositions d&#039;art en Italie en 2020: \u00e0 ne pas manquer\" \/>\n<meta property=\"og:description\" content=\"Les expositions d\u2019art en Italie en 2020 sont l\u2019occasion parfaite pour s\u2019immerger dans l\u2019art, gr\u00e2ce aux expositions des plus grands artistes.\" \/>\n<meta property=\"og:url\" content=\"https:\/\/www.italy-travels.it\/fr\/les-expositions-dart-en-italie-en-2020-conseils-et-infos\/\" \/>\n<meta property=\"og:site_name\" content=\"Italy Travels\" \/>\n<meta property=\"article:published_time\" content=\"2020-01-27T17:13:07+00:00\" \/>\n<meta property=\"og:image\" content=\"https:\/\/www.italy-travels.it\/wp-content\/uploads\/2020\/01\/DA687E68-EC2A-4399-B63C-6793F782B431-980x551.jpg\" \/>\n\t<meta property=\"og:image:width\" content=\"980\" \/>\n\t<meta property=\"og:image:height\" content=\"551\" \/>\n\t<meta property=\"og:image:type\" content=\"image\/jpeg\" \/>\n<meta name=\"author\" content=\"itatadmin\" \/>\n<meta name=\"twitter:card\" content=\"summary_large_image\" \/>\n<meta name=\"twitter:label1\" content=\"\u00c9crit par\" \/>\n\t<meta name=\"twitter:data1\" content=\"itatadmin\" \/>\n\t<meta name=\"twitter:label2\" content=\"Dur\u00e9e de lecture estim\u00e9e\" \/>\n\t<meta name=\"twitter:data2\" content=\"4 minutes\" \/>\n<script type=\"application\/ld+json\" class=\"yoast-schema-graph\">{\"@context\":\"https:\/\/schema.org\",\"@graph\":[{\"@type\":\"WebPage\",\"@id\":\"https:\/\/www.italy-travels.it\/fr\/les-expositions-dart-en-italie-en-2020-conseils-et-infos\/\",\"url\":\"https:\/\/www.italy-travels.it\/fr\/les-expositions-dart-en-italie-en-2020-conseils-et-infos\/\",\"name\":\"Les expositions d'art en Italie en 2020: \u00e0 ne pas manquer\",\"isPartOf\":{\"@id\":\"https:\/\/www.italy-travels.it\/fr\/#website\"},\"primaryImageOfPage\":{\"@id\":\"https:\/\/www.italy-travels.it\/fr\/les-expositions-dart-en-italie-en-2020-conseils-et-infos\/#primaryimage\"},\"image\":{\"@id\":\"https:\/\/www.italy-travels.it\/fr\/les-expositions-dart-en-italie-en-2020-conseils-et-infos\/#primaryimage\"},\"thumbnailUrl\":\"https:\/\/www.italy-travels.it\/wp-content\/uploads\/2020\/01\/DA687E68-EC2A-4399-B63C-6793F782B431-980x551.jpg\",\"datePublished\":\"2020-01-27T17:13:07+00:00\",\"author\":{\"@id\":\"https:\/\/www.italy-travels.it\/fr\/#\/schema\/person\/a65c59df31375400514acee19f37438e\"},\"description\":\"Les expositions d\u2019art en Italie en 2020 sont l\u2019occasion parfaite pour s\u2019immerger dans l\u2019art, gr\u00e2ce aux expositions des plus grands artistes.\",\"breadcrumb\":{\"@id\":\"https:\/\/www.italy-travels.it\/fr\/les-expositions-dart-en-italie-en-2020-conseils-et-infos\/#breadcrumb\"},\"inLanguage\":\"fr-FR\",\"potentialAction\":[{\"@type\":\"ReadAction\",\"target\":[\"https:\/\/www.italy-travels.it\/fr\/les-expositions-dart-en-italie-en-2020-conseils-et-infos\/\"]}]},{\"@type\":\"ImageObject\",\"inLanguage\":\"fr-FR\",\"@id\":\"https:\/\/www.italy-travels.it\/fr\/les-expositions-dart-en-italie-en-2020-conseils-et-infos\/#primaryimage\",\"url\":\"https:\/\/www.italy-travels.it\/wp-content\/uploads\/2020\/01\/DA687E68-EC2A-4399-B63C-6793F782B431-980x551.jpg\",\"contentUrl\":\"https:\/\/www.italy-travels.it\/wp-content\/uploads\/2020\/01\/DA687E68-EC2A-4399-B63C-6793F782B431-980x551.jpg\",\"width\":980,\"height\":551},{\"@type\":\"BreadcrumbList\",\"@id\":\"https:\/\/www.italy-travels.it\/fr\/les-expositions-dart-en-italie-en-2020-conseils-et-infos\/#breadcrumb\",\"itemListElement\":[{\"@type\":\"ListItem\",\"position\":1,\"name\":\"Home\",\"item\":\"https:\/\/www.italy-travels.it\/fr\/\"},{\"@type\":\"ListItem\",\"position\":2,\"name\":\"Les expositions d&rsquo;art en Italie en 2020, conseils et infos\"}]},{\"@type\":\"WebSite\",\"@id\":\"https:\/\/www.italy-travels.it\/fr\/#website\",\"url\":\"https:\/\/www.italy-travels.it\/fr\/\",\"name\":\"Italy Travels\",\"description\":\"Tour operatorr\",\"potentialAction\":[{\"@type\":\"SearchAction\",\"target\":{\"@type\":\"EntryPoint\",\"urlTemplate\":\"https:\/\/www.italy-travels.it\/fr\/?s={search_term_string}\"},\"query-input\":{\"@type\":\"PropertyValueSpecification\",\"valueRequired\":true,\"valueName\":\"search_term_string\"}}],\"inLanguage\":\"fr-FR\"},{\"@type\":\"Person\",\"@id\":\"https:\/\/www.italy-travels.it\/fr\/#\/schema\/person\/a65c59df31375400514acee19f37438e\",\"name\":\"itatadmin\",\"image\":{\"@type\":\"ImageObject\",\"inLanguage\":\"fr-FR\",\"@id\":\"https:\/\/www.italy-travels.it\/fr\/#\/schema\/person\/image\/\",\"url\":\"https:\/\/secure.gravatar.com\/avatar\/b56d93cbfe12beda1d5802b1e8a78eb2?s=96&d=mm&r=g\",\"contentUrl\":\"https:\/\/secure.gravatar.com\/avatar\/b56d93cbfe12beda1d5802b1e8a78eb2?s=96&d=mm&r=g\",\"caption\":\"itatadmin\"},\"url\":\"https:\/\/www.italy-travels.it\/fr\/author\/itatadmin\/\"}]}<\/script>\n<!-- \/ Yoast SEO plugin. -->","yoast_head_json":{"title":"Les expositions d'art en Italie en 2020: \u00e0 ne pas manquer","description":"Les expositions d\u2019art en Italie en 2020 sont l\u2019occasion parfaite pour s\u2019immerger dans l\u2019art, gr\u00e2ce aux expositions des plus grands artistes.","robots":{"index":"index","follow":"follow","max-snippet":"max-snippet:-1","max-image-preview":"max-image-preview:large","max-video-preview":"max-video-preview:-1"},"canonical":"https:\/\/www.italy-travels.it\/fr\/les-expositions-dart-en-italie-en-2020-conseils-et-infos\/","og_locale":"fr_FR","og_type":"article","og_title":"Les expositions d'art en Italie en 2020: \u00e0 ne pas manquer","og_description":"Les expositions d\u2019art en Italie en 2020 sont l\u2019occasion parfaite pour s\u2019immerger dans l\u2019art, gr\u00e2ce aux expositions des plus grands artistes.","og_url":"https:\/\/www.italy-travels.it\/fr\/les-expositions-dart-en-italie-en-2020-conseils-et-infos\/","og_site_name":"Italy Travels","article_published_time":"2020-01-27T17:13:07+00:00","og_image":[{"width":980,"height":551,"url":"https:\/\/www.italy-travels.it\/wp-content\/uploads\/2020\/01\/DA687E68-EC2A-4399-B63C-6793F782B431-980x551.jpg","type":"image\/jpeg"}],"author":"itatadmin","twitter_card":"summary_large_image","twitter_misc":{"\u00c9crit par":"itatadmin","Dur\u00e9e de lecture estim\u00e9e":"4 minutes"},"schema":{"@context":"https:\/\/schema.org","@graph":[{"@type":"WebPage","@id":"https:\/\/www.italy-travels.it\/fr\/les-expositions-dart-en-italie-en-2020-conseils-et-infos\/","url":"https:\/\/www.italy-travels.it\/fr\/les-expositions-dart-en-italie-en-2020-conseils-et-infos\/","name":"Les expositions d'art en Italie en 2020: \u00e0 ne pas manquer","isPartOf":{"@id":"https:\/\/www.italy-travels.it\/fr\/#website"},"primaryImageOfPage":{"@id":"https:\/\/www.italy-travels.it\/fr\/les-expositions-dart-en-italie-en-2020-conseils-et-infos\/#primaryimage"},"image":{"@id":"https:\/\/www.italy-travels.it\/fr\/les-expositions-dart-en-italie-en-2020-conseils-et-infos\/#primaryimage"},"thumbnailUrl":"https:\/\/www.italy-travels.it\/wp-content\/uploads\/2020\/01\/DA687E68-EC2A-4399-B63C-6793F782B431-980x551.jpg","datePublished":"2020-01-27T17:13:07+00:00","author":{"@id":"https:\/\/www.italy-travels.it\/fr\/#\/schema\/person\/a65c59df31375400514acee19f37438e"},"description":"Les expositions d\u2019art en Italie en 2020 sont l\u2019occasion parfaite pour s\u2019immerger dans l\u2019art, gr\u00e2ce aux expositions des plus grands artistes.","breadcrumb":{"@id":"https:\/\/www.italy-travels.it\/fr\/les-expositions-dart-en-italie-en-2020-conseils-et-infos\/#breadcrumb"},"inLanguage":"fr-FR","potentialAction":[{"@type":"ReadAction","target":["https:\/\/www.italy-travels.it\/fr\/les-expositions-dart-en-italie-en-2020-conseils-et-infos\/"]}]},{"@type":"ImageObject","inLanguage":"fr-FR","@id":"https:\/\/www.italy-travels.it\/fr\/les-expositions-dart-en-italie-en-2020-conseils-et-infos\/#primaryimage","url":"https:\/\/www.italy-travels.it\/wp-content\/uploads\/2020\/01\/DA687E68-EC2A-4399-B63C-6793F782B431-980x551.jpg","contentUrl":"https:\/\/www.italy-travels.it\/wp-content\/uploads\/2020\/01\/DA687E68-EC2A-4399-B63C-6793F782B431-980x551.jpg","width":980,"height":551},{"@type":"BreadcrumbList","@id":"https:\/\/www.italy-travels.it\/fr\/les-expositions-dart-en-italie-en-2020-conseils-et-infos\/#breadcrumb","itemListElement":[{"@type":"ListItem","position":1,"name":"Home","item":"https:\/\/www.italy-travels.it\/fr\/"},{"@type":"ListItem","position":2,"name":"Les expositions d&rsquo;art en Italie en 2020, conseils et infos"}]},{"@type":"WebSite","@id":"https:\/\/www.italy-travels.it\/fr\/#website","url":"https:\/\/www.italy-travels.it\/fr\/","name":"Italy Travels","description":"Tour operatorr","potentialAction":[{"@type":"SearchAction","target":{"@type":"EntryPoint","urlTemplate":"https:\/\/www.italy-travels.it\/fr\/?s={search_term_string}"},"query-input":{"@type":"PropertyValueSpecification","valueRequired":true,"valueName":"search_term_string"}}],"inLanguage":"fr-FR"},{"@type":"Person","@id":"https:\/\/www.italy-travels.it\/fr\/#\/schema\/person\/a65c59df31375400514acee19f37438e","name":"itatadmin","image":{"@type":"ImageObject","inLanguage":"fr-FR","@id":"https:\/\/www.italy-travels.it\/fr\/#\/schema\/person\/image\/","url":"https:\/\/secure.gravatar.com\/avatar\/b56d93cbfe12beda1d5802b1e8a78eb2?s=96&d=mm&r=g","contentUrl":"https:\/\/secure.gravatar.com\/avatar\/b56d93cbfe12beda1d5802b1e8a78eb2?s=96&d=mm&r=g","caption":"itatadmin"},"url":"https:\/\/www.italy-travels.it\/fr\/author\/itatadmin\/"}]}},"_links":{"self":[{"href":"https:\/\/www.italy-travels.it\/fr\/wp-json\/wp\/v2\/posts\/5251"}],"collection":[{"href":"https:\/\/www.italy-travels.it\/fr\/wp-json\/wp\/v2\/posts"}],"about":[{"href":"https:\/\/www.italy-travels.it\/fr\/wp-json\/wp\/v2\/types\/post"}],"author":[{"embeddable":true,"href":"https:\/\/www.italy-travels.it\/fr\/wp-json\/wp\/v2\/users\/1"}],"replies":[{"embeddable":true,"href":"https:\/\/www.italy-travels.it\/fr\/wp-json\/wp\/v2\/comments?post=5251"}],"version-history":[{"count":3,"href":"https:\/\/www.italy-travels.it\/fr\/wp-json\/wp\/v2\/posts\/5251\/revisions"}],"predecessor-version":[{"id":5263,"href":"https:\/\/www.italy-travels.it\/fr\/wp-json\/wp\/v2\/posts\/5251\/revisions\/5263"}],"wp:featuredmedia":[{"embeddable":true,"href":"https:\/\/www.italy-travels.it\/fr\/wp-json\/wp\/v2\/media\/5254"}],"wp:attachment":[{"href":"https:\/\/www.italy-travels.it\/fr\/wp-json\/wp\/v2\/media?parent=5251"}],"wp:term":[{"taxonomy":"category","embeddable":true,"href":"https:\/\/www.italy-travels.it\/fr\/wp-json\/wp\/v2\/categories?post=5251"},{"taxonomy":"post_tag","embeddable":true,"href":"https:\/\/www.italy-travels.it\/fr\/wp-json\/wp\/v2\/tags?post=5251"}],"curies":[{"name":"wp","href":"https:\/\/api.w.org\/{rel}","templated":true}]}}