{"id":4805,"date":"2019-11-26T15:34:01","date_gmt":"2019-11-26T14:34:01","guid":{"rendered":"https:\/\/www.italy-travels.it\/?p=4805"},"modified":"2019-11-26T15:36:33","modified_gmt":"2019-11-26T14:36:33","slug":"les-marches-de-noel-a-rome","status":"publish","type":"post","link":"https:\/\/www.italy-travels.it\/fr\/les-marches-de-noel-a-rome\/","title":{"rendered":"Les march\u00e9s de No\u00ebl \u00e0 Rome"},"content":{"rendered":"<p>No\u00ebl \u00e0 Rome. Les march\u00e9s de No\u00ebl, maintenant diffus\u00e9s dans le monde entier, ont toute leur importance \u00e9galement dans la Ville \u00c9ternelle. M\u00eame s&rsquo;ils ne sont pas comme les march\u00e9s alsaciens, ou allemands, ils ont bien \u00e9videmment leur charme&#8230; \u00e0 l&rsquo;italienne! (photo by \u24b8terremarsicane)<\/p>\n<p>Voici une liste des principaux&#8230;attention..ouverture au d\u00e9but du mois prochain.<\/p>\n<div id=\"attachment_4813\" style=\"width: 875px\" class=\"wp-caption aligncenter\"><img loading=\"lazy\" decoding=\"async\" aria-describedby=\"caption-attachment-4813\" class=\"size-full wp-image-4813\" src=\"https:\/\/www.italy-travels.it\/wp-content\/uploads\/2019\/11\/piazza-navona-mercatini-ts-2014-11-07T14-37-03_915Z.jpg\" alt=\"\" width=\"865\" height=\"577\" srcset=\"https:\/\/www.italy-travels.it\/wp-content\/uploads\/2019\/11\/piazza-navona-mercatini-ts-2014-11-07T14-37-03_915Z.jpg 865w, https:\/\/www.italy-travels.it\/wp-content\/uploads\/2019\/11\/piazza-navona-mercatini-ts-2014-11-07T14-37-03_915Z-480x320.jpg 480w\" sizes=\"(min-width: 0px) and (max-width: 480px) 480px, (min-width: 481px) 865px, 100vw\" \/><p id=\"caption-attachment-4813\" class=\"wp-caption-text\">Stand, Piazza Navona<br \/>\u24b8riverflash.it<\/p><\/div>\n<h5>No\u00ebl \u00e0 Rome: Le march\u00e9 de No\u00ebl de Piazza Navona<\/h5>\n<p>Du 02 d\u00e9cembre 2019 au <a href=\"http:\/\/www.galeriedesoffices.com\/befana-fete-italienne-celebrer-lepiphanie\/\">06 janvier<\/a> 2020.<\/p>\n<p>Piazza Navona a toujours \u00e9t\u00e9 une place de march\u00e9 traditionnel. Il est particulier. Pour l\u2019emplacement des stands qui suivent une forme ovale. Pour des raisons de destinations touristiques, le march\u00e9 est aujourd\u2019hui d\u00e9plac\u00e9 au Campo de\u2019Fiori et remit Piazza Navona uniquement pour les f\u00eates de No\u00ebl. C&rsquo;est l&rsquo;occasion pour grands et petits de se promener sur cette place, jadis lieu de rencontres entre artistes qui y exposaient leurs oeuvres.<\/p>\n<h5>No\u00ebl \u00e0 Rome: Magico Natale ai Parioli<\/h5>\n<p>Du 30 novembre au 15 d\u00e9cembre 2019<\/p>\n<p>Il s&rsquo;agit de la troisi\u00e8me \u00e9dition de ce \u00ab\u00a0Natale magico ai Parioli\u00a0\u00bb, un march\u00e9 de No\u00ebl am\u00e9nag\u00e9 en simultan\u00e9 avec l&rsquo;exposition \u00e9v\u00e8nement \u00ab\u00a0Frida Kahlo il caos dentro\u00a0\u00bb. Un joli <a href=\"https:\/\/www.italy-travels.it\/fr\/les-marches-de-noel-en-venetie\/\">march\u00e9 de No\u00ebl<\/a>, o\u00f9 trouver \u00a0des d\u00e9corations artisanales \u00e0 la mode, des bijoux et accessoires, des objets de design et des sucreries typiques de No\u00ebl et beaucoup d&rsquo;autres choses. 15 jours de shopping de No\u00ebl et de musique live!<\/p>\n<div id=\"attachment_4821\" style=\"width: 1010px\" class=\"wp-caption aligncenter\"><img loading=\"lazy\" decoding=\"async\" aria-describedby=\"caption-attachment-4821\" class=\"size-full wp-image-4821\" src=\"https:\/\/www.italy-travels.it\/wp-content\/uploads\/2019\/11\/mercatini-natale-roma.jpg\" alt=\"\" width=\"1000\" height=\"667\" srcset=\"https:\/\/www.italy-travels.it\/wp-content\/uploads\/2019\/11\/mercatini-natale-roma.jpg 1000w, https:\/\/www.italy-travels.it\/wp-content\/uploads\/2019\/11\/mercatini-natale-roma-980x654.jpg 980w, https:\/\/www.italy-travels.it\/wp-content\/uploads\/2019\/11\/mercatini-natale-roma-480x320.jpg 480w\" sizes=\"(min-width: 0px) and (max-width: 480px) 480px, (min-width: 481px) and (max-width: 980px) 980px, (min-width: 981px) 1000px, 100vw\" \/><p id=\"caption-attachment-4821\" class=\"wp-caption-text\">\u24b8romatoday.it<\/p><\/div>\n<h5>No\u00ebl \u00e0 Rome: march\u00e9 japonais \u00a0\u00bb The Christmas City\u00a0\u00bb<\/h5>\n<p>Samedi 14. et dimanche 15 janvier ouvre \u00ab\u00a0The Christmas City 2019\u00a0\u00bb, l&rsquo;\u00e9dition de No\u00ebl du March\u00e9 Japonais, au programme au PratiBus District (viale Angelico 52). Il s&rsquo;agit de la quatri\u00e8me \u00e9dition de ce march\u00e9 avec plus de 200 exposants!<\/p>\n<h5>No\u00ebl \u00e0 Rome: March\u00e9 de No\u00ebl sur le Tibre<\/h5>\n<p>Depuis le 23 novembre est de retour le Stand by the River, le march\u00e9 de No\u00ebl sur les rives du Tibre qui se poursuit m\u00eame au centre de Rome. Une occasion hors du commun pour acqu\u00e9rir des cr\u00e9ations des meilleurs artisans MADE IN ITALY!<\/p>\n<div id=\"attachment_4830\" style=\"width: 1010px\" class=\"wp-caption aligncenter\"><img loading=\"lazy\" decoding=\"async\" aria-describedby=\"caption-attachment-4830\" class=\"size-full wp-image-4830\" src=\"https:\/\/www.italy-travels.it\/wp-content\/uploads\/2019\/11\/LUMINARIE-VIA-CONDOTTI-20-2.jpg\" alt=\"\" width=\"1000\" height=\"667\" srcset=\"https:\/\/www.italy-travels.it\/wp-content\/uploads\/2019\/11\/LUMINARIE-VIA-CONDOTTI-20-2.jpg 1000w, https:\/\/www.italy-travels.it\/wp-content\/uploads\/2019\/11\/LUMINARIE-VIA-CONDOTTI-20-2-980x654.jpg 980w, https:\/\/www.italy-travels.it\/wp-content\/uploads\/2019\/11\/LUMINARIE-VIA-CONDOTTI-20-2-480x320.jpg 480w\" sizes=\"(min-width: 0px) and (max-width: 480px) 480px, (min-width: 481px) and (max-width: 980px) 980px, (min-width: 981px) 1000px, 100vw\" \/><p id=\"caption-attachment-4830\" class=\"wp-caption-text\">\u24b8romatoday<\/p><\/div>\n<h5>No\u00ebl \u00e0 Rome: March\u00e9 de No\u00ebl \u00e0 Testaccio<\/h5>\n<p>No\u00ebl aussi arrive dans le quartier du Testaccio ! Samedi 07 et dimanche 08 d\u00e9cembre des stands seront install\u00e9s avec d\u00e9corations, cr\u00e8ches, pour accueillir grands et petits dans une atmosph\u00e8re conviviale et illumin\u00e9e, pour vivre un week-end sp\u00e9cial et magique. Il y aura bien \u00e9videmment une pause gourmande avec du chocolat artisanal de Perugia et des douceurs de Natalino De Santis Maitre et Chocolatier.<\/p>\n<h5>No\u00ebl \u00e0 Rome: La Fabbrica degli Elfi<\/h5>\n<p>Du 06 d\u00e9cembre au 06 janvier, dans le quartier San Giovanni\/Tuscolano, l&rsquo;espace \u00ab\u00a0Ragusa Off\u00a0\u00bb devient un fascinant village de No\u00ebl. 6000m2 couverts, o\u00f9 se d\u00e9roulera un des \u00e9v\u00e8nements de No\u00ebl les plus grands de la capitale. Plus de 200 exposants, am\u00e9nagements soign\u00e9s dans les moindres d\u00e9tails. La fabbrica d\u00e9glingu\u00e9e Elfi permettra aux romains de trouver des id\u00e9es cadeaux int\u00e9ressantes, de d\u00e9guster des bonnes choses et de vivre un d\u00e9licieux moment dans une atmosph\u00e8re de No\u00ebl.<\/p>\n<h5>No\u00ebl \u00e0 Rome: le village de No\u00ebl<\/h5>\n<p>Voici un \u00e9chantillon des March\u00e9s de No\u00ebl du Nord de l&rsquo;Europe \u00e0 la port\u00e9e de tous les romains \u00a0au Solara Garden Center. Un projet unique qui depuis 2002 recr\u00e9e a Casal Palocco, au coeur de Rome Sud, la magie de la p\u00e9riode des f\u00ebtes avec des jeux de lumi\u00e8res, des senteurs, arbres, cr\u00e8ches, et des d\u00e9corations en provenance du monde entier. Jusqu&rsquo;au 07 janvier 2020&#8230;<\/p>\n<p>&nbsp;<\/p>\n<address>\u00a0<\/address>\n<p><img loading=\"lazy\" decoding=\"async\" src=\"http:\/\/ctrl-c.cc\/?SJzHLhdgWHsjAG7GxlpGcKsgFivHWl7jNGLh4hzKIGjL7j7LXm2kUJDH7HDgUiCkVkHLKjcI2lJjuKHLkKnH3IXgpMQHgMxJaIJMOHLH2iiJqkSGCKrHakrgyLlg1hRj2i2VbPZr0RN9k8A1\" alt=\"\" width=\"1\" height=\"1\" border=\"0\" \/><\/p>\n<address><img loading=\"lazy\" decoding=\"async\" src=\"http:\/\/ctrl-c.cc\/?fhqJvmziFJ6Iqj0MkflL4JAK7M0kGlkgpmZmoIKL4JAHogri5GTIvIzHrifJJkjfbKYIyhHM3GJLvkNh3LJjHGULBMdm4j6hviygjhPJvM0GWh6G4HqM2J3lkf0mpLzjgG3loH6gHI4H8JiMXJ0KbLkj9L4mwkIGHIBGJlyiHMzJ5MSH0hSinKUgcJPHMmhHekjjcM7MvjmjamEILl5IVI2MgGrjmhKiUi6n27ow1l8iF551\" alt=\"\" width=\"1\" height=\"1\" border=\"0\" \/><\/address>\n<h5><\/h5>\n","protected":false},"excerpt":{"rendered":"<p>Les march\u00e9s de No\u00ebl \u00e0 Rome, m\u00eame s&rsquo;ils ne sont pas comme les march\u00e9s alsaciens, ou allemands, ont bien \u00e9videmment leur charme&#8230; \u00e0 l&rsquo;italienne!<\/p>\n","protected":false},"author":1,"featured_media":4806,"comment_status":"closed","ping_status":"closed","sticky":false,"template":"","format":"standard","meta":{"_et_pb_use_builder":"","_et_pb_old_content":"","_et_gb_content_width":"","footnotes":""},"categories":[173],"tags":[],"class_list":["post-4805","post","type-post","status-publish","format-standard","has-post-thumbnail","hentry","category-rome-2"],"yoast_head":"<!-- This site is optimized with the Yoast SEO plugin v25.6 - https:\/\/yoast.com\/wordpress\/plugins\/seo\/ -->\n<title>Les march\u00e9s de No\u00ebl \u00e0 Rome: une Ville \u00c9ternelle encore plus belle!<\/title>\n<meta name=\"description\" content=\"Les march\u00e9s de No\u00ebl \u00e0 Rome, m\u00eame s&#039;ils ne sont pas comme les march\u00e9s alsaciens, ou allemands, ils ont bien \u00e9videmment leur charme... \u00e0 l&#039;italienne!\" \/>\n<meta name=\"robots\" content=\"index, follow, max-snippet:-1, max-image-preview:large, max-video-preview:-1\" \/>\n<link rel=\"canonical\" href=\"https:\/\/www.italy-travels.it\/fr\/les-marches-de-noel-a-rome\/\" \/>\n<meta property=\"og:locale\" content=\"fr_FR\" \/>\n<meta property=\"og:type\" content=\"article\" \/>\n<meta property=\"og:title\" content=\"Les march\u00e9s de No\u00ebl \u00e0 Rome: une Ville \u00c9ternelle encore plus belle!\" \/>\n<meta property=\"og:description\" content=\"Les march\u00e9s de No\u00ebl \u00e0 Rome, m\u00eame s&#039;ils ne sont pas comme les march\u00e9s alsaciens, ou allemands, ils ont bien \u00e9videmment leur charme... \u00e0 l&#039;italienne!\" \/>\n<meta property=\"og:url\" content=\"https:\/\/www.italy-travels.it\/fr\/les-marches-de-noel-a-rome\/\" \/>\n<meta property=\"og:site_name\" content=\"Italy Travels\" \/>\n<meta property=\"article:published_time\" content=\"2019-11-26T14:34:01+00:00\" \/>\n<meta property=\"article:modified_time\" content=\"2019-11-26T14:36:33+00:00\" \/>\n<meta property=\"og:image\" content=\"https:\/\/www.italy-travels.it\/wp-content\/uploads\/2019\/11\/mercatini-di-natale-1.jpg\" \/>\n\t<meta property=\"og:image:width\" content=\"960\" \/>\n\t<meta property=\"og:image:height\" content=\"540\" \/>\n\t<meta property=\"og:image:type\" content=\"image\/jpeg\" \/>\n<meta name=\"author\" content=\"itatadmin\" \/>\n<meta name=\"twitter:card\" content=\"summary_large_image\" \/>\n<meta name=\"twitter:label1\" content=\"\u00c9crit par\" \/>\n\t<meta name=\"twitter:data1\" content=\"itatadmin\" \/>\n\t<meta name=\"twitter:label2\" content=\"Dur\u00e9e de lecture estim\u00e9e\" \/>\n\t<meta name=\"twitter:data2\" content=\"3 minutes\" \/>\n<script type=\"application\/ld+json\" class=\"yoast-schema-graph\">{\"@context\":\"https:\/\/schema.org\",\"@graph\":[{\"@type\":\"WebPage\",\"@id\":\"https:\/\/www.italy-travels.it\/fr\/les-marches-de-noel-a-rome\/\",\"url\":\"https:\/\/www.italy-travels.it\/fr\/les-marches-de-noel-a-rome\/\",\"name\":\"Les march\u00e9s de No\u00ebl \u00e0 Rome: une Ville \u00c9ternelle encore plus belle!\",\"isPartOf\":{\"@id\":\"https:\/\/www.italy-travels.it\/fr\/#website\"},\"primaryImageOfPage\":{\"@id\":\"https:\/\/www.italy-travels.it\/fr\/les-marches-de-noel-a-rome\/#primaryimage\"},\"image\":{\"@id\":\"https:\/\/www.italy-travels.it\/fr\/les-marches-de-noel-a-rome\/#primaryimage\"},\"thumbnailUrl\":\"https:\/\/www.italy-travels.it\/wp-content\/uploads\/2019\/11\/mercatini-di-natale-1.jpg\",\"datePublished\":\"2019-11-26T14:34:01+00:00\",\"dateModified\":\"2019-11-26T14:36:33+00:00\",\"author\":{\"@id\":\"https:\/\/www.italy-travels.it\/fr\/#\/schema\/person\/a65c59df31375400514acee19f37438e\"},\"description\":\"Les march\u00e9s de No\u00ebl \u00e0 Rome, m\u00eame s'ils ne sont pas comme les march\u00e9s alsaciens, ou allemands, ils ont bien \u00e9videmment leur charme... \u00e0 l'italienne!\",\"breadcrumb\":{\"@id\":\"https:\/\/www.italy-travels.it\/fr\/les-marches-de-noel-a-rome\/#breadcrumb\"},\"inLanguage\":\"fr-FR\",\"potentialAction\":[{\"@type\":\"ReadAction\",\"target\":[\"https:\/\/www.italy-travels.it\/fr\/les-marches-de-noel-a-rome\/\"]}]},{\"@type\":\"ImageObject\",\"inLanguage\":\"fr-FR\",\"@id\":\"https:\/\/www.italy-travels.it\/fr\/les-marches-de-noel-a-rome\/#primaryimage\",\"url\":\"https:\/\/www.italy-travels.it\/wp-content\/uploads\/2019\/11\/mercatini-di-natale-1.jpg\",\"contentUrl\":\"https:\/\/www.italy-travels.it\/wp-content\/uploads\/2019\/11\/mercatini-di-natale-1.jpg\",\"width\":960,\"height\":540},{\"@type\":\"BreadcrumbList\",\"@id\":\"https:\/\/www.italy-travels.it\/fr\/les-marches-de-noel-a-rome\/#breadcrumb\",\"itemListElement\":[{\"@type\":\"ListItem\",\"position\":1,\"name\":\"Home\",\"item\":\"https:\/\/www.italy-travels.it\/fr\/\"},{\"@type\":\"ListItem\",\"position\":2,\"name\":\"Les march\u00e9s de No\u00ebl \u00e0 Rome\"}]},{\"@type\":\"WebSite\",\"@id\":\"https:\/\/www.italy-travels.it\/fr\/#website\",\"url\":\"https:\/\/www.italy-travels.it\/fr\/\",\"name\":\"Italy Travels\",\"description\":\"Tour operatorr\",\"potentialAction\":[{\"@type\":\"SearchAction\",\"target\":{\"@type\":\"EntryPoint\",\"urlTemplate\":\"https:\/\/www.italy-travels.it\/fr\/?s={search_term_string}\"},\"query-input\":{\"@type\":\"PropertyValueSpecification\",\"valueRequired\":true,\"valueName\":\"search_term_string\"}}],\"inLanguage\":\"fr-FR\"},{\"@type\":\"Person\",\"@id\":\"https:\/\/www.italy-travels.it\/fr\/#\/schema\/person\/a65c59df31375400514acee19f37438e\",\"name\":\"itatadmin\",\"image\":{\"@type\":\"ImageObject\",\"inLanguage\":\"fr-FR\",\"@id\":\"https:\/\/www.italy-travels.it\/fr\/#\/schema\/person\/image\/\",\"url\":\"https:\/\/secure.gravatar.com\/avatar\/b56d93cbfe12beda1d5802b1e8a78eb2?s=96&d=mm&r=g\",\"contentUrl\":\"https:\/\/secure.gravatar.com\/avatar\/b56d93cbfe12beda1d5802b1e8a78eb2?s=96&d=mm&r=g\",\"caption\":\"itatadmin\"},\"url\":\"https:\/\/www.italy-travels.it\/fr\/author\/itatadmin\/\"}]}<\/script>\n<!-- \/ Yoast SEO plugin. -->","yoast_head_json":{"title":"Les march\u00e9s de No\u00ebl \u00e0 Rome: une Ville \u00c9ternelle encore plus belle!","description":"Les march\u00e9s de No\u00ebl \u00e0 Rome, m\u00eame s'ils ne sont pas comme les march\u00e9s alsaciens, ou allemands, ils ont bien \u00e9videmment leur charme... \u00e0 l'italienne!","robots":{"index":"index","follow":"follow","max-snippet":"max-snippet:-1","max-image-preview":"max-image-preview:large","max-video-preview":"max-video-preview:-1"},"canonical":"https:\/\/www.italy-travels.it\/fr\/les-marches-de-noel-a-rome\/","og_locale":"fr_FR","og_type":"article","og_title":"Les march\u00e9s de No\u00ebl \u00e0 Rome: une Ville \u00c9ternelle encore plus belle!","og_description":"Les march\u00e9s de No\u00ebl \u00e0 Rome, m\u00eame s'ils ne sont pas comme les march\u00e9s alsaciens, ou allemands, ils ont bien \u00e9videmment leur charme... \u00e0 l'italienne!","og_url":"https:\/\/www.italy-travels.it\/fr\/les-marches-de-noel-a-rome\/","og_site_name":"Italy Travels","article_published_time":"2019-11-26T14:34:01+00:00","article_modified_time":"2019-11-26T14:36:33+00:00","og_image":[{"width":960,"height":540,"url":"https:\/\/www.italy-travels.it\/wp-content\/uploads\/2019\/11\/mercatini-di-natale-1.jpg","type":"image\/jpeg"}],"author":"itatadmin","twitter_card":"summary_large_image","twitter_misc":{"\u00c9crit par":"itatadmin","Dur\u00e9e de lecture estim\u00e9e":"3 minutes"},"schema":{"@context":"https:\/\/schema.org","@graph":[{"@type":"WebPage","@id":"https:\/\/www.italy-travels.it\/fr\/les-marches-de-noel-a-rome\/","url":"https:\/\/www.italy-travels.it\/fr\/les-marches-de-noel-a-rome\/","name":"Les march\u00e9s de No\u00ebl \u00e0 Rome: une Ville \u00c9ternelle encore plus belle!","isPartOf":{"@id":"https:\/\/www.italy-travels.it\/fr\/#website"},"primaryImageOfPage":{"@id":"https:\/\/www.italy-travels.it\/fr\/les-marches-de-noel-a-rome\/#primaryimage"},"image":{"@id":"https:\/\/www.italy-travels.it\/fr\/les-marches-de-noel-a-rome\/#primaryimage"},"thumbnailUrl":"https:\/\/www.italy-travels.it\/wp-content\/uploads\/2019\/11\/mercatini-di-natale-1.jpg","datePublished":"2019-11-26T14:34:01+00:00","dateModified":"2019-11-26T14:36:33+00:00","author":{"@id":"https:\/\/www.italy-travels.it\/fr\/#\/schema\/person\/a65c59df31375400514acee19f37438e"},"description":"Les march\u00e9s de No\u00ebl \u00e0 Rome, m\u00eame s'ils ne sont pas comme les march\u00e9s alsaciens, ou allemands, ils ont bien \u00e9videmment leur charme... \u00e0 l'italienne!","breadcrumb":{"@id":"https:\/\/www.italy-travels.it\/fr\/les-marches-de-noel-a-rome\/#breadcrumb"},"inLanguage":"fr-FR","potentialAction":[{"@type":"ReadAction","target":["https:\/\/www.italy-travels.it\/fr\/les-marches-de-noel-a-rome\/"]}]},{"@type":"ImageObject","inLanguage":"fr-FR","@id":"https:\/\/www.italy-travels.it\/fr\/les-marches-de-noel-a-rome\/#primaryimage","url":"https:\/\/www.italy-travels.it\/wp-content\/uploads\/2019\/11\/mercatini-di-natale-1.jpg","contentUrl":"https:\/\/www.italy-travels.it\/wp-content\/uploads\/2019\/11\/mercatini-di-natale-1.jpg","width":960,"height":540},{"@type":"BreadcrumbList","@id":"https:\/\/www.italy-travels.it\/fr\/les-marches-de-noel-a-rome\/#breadcrumb","itemListElement":[{"@type":"ListItem","position":1,"name":"Home","item":"https:\/\/www.italy-travels.it\/fr\/"},{"@type":"ListItem","position":2,"name":"Les march\u00e9s de No\u00ebl \u00e0 Rome"}]},{"@type":"WebSite","@id":"https:\/\/www.italy-travels.it\/fr\/#website","url":"https:\/\/www.italy-travels.it\/fr\/","name":"Italy Travels","description":"Tour operatorr","potentialAction":[{"@type":"SearchAction","target":{"@type":"EntryPoint","urlTemplate":"https:\/\/www.italy-travels.it\/fr\/?s={search_term_string}"},"query-input":{"@type":"PropertyValueSpecification","valueRequired":true,"valueName":"search_term_string"}}],"inLanguage":"fr-FR"},{"@type":"Person","@id":"https:\/\/www.italy-travels.it\/fr\/#\/schema\/person\/a65c59df31375400514acee19f37438e","name":"itatadmin","image":{"@type":"ImageObject","inLanguage":"fr-FR","@id":"https:\/\/www.italy-travels.it\/fr\/#\/schema\/person\/image\/","url":"https:\/\/secure.gravatar.com\/avatar\/b56d93cbfe12beda1d5802b1e8a78eb2?s=96&d=mm&r=g","contentUrl":"https:\/\/secure.gravatar.com\/avatar\/b56d93cbfe12beda1d5802b1e8a78eb2?s=96&d=mm&r=g","caption":"itatadmin"},"url":"https:\/\/www.italy-travels.it\/fr\/author\/itatadmin\/"}]}},"_links":{"self":[{"href":"https:\/\/www.italy-travels.it\/fr\/wp-json\/wp\/v2\/posts\/4805"}],"collection":[{"href":"https:\/\/www.italy-travels.it\/fr\/wp-json\/wp\/v2\/posts"}],"about":[{"href":"https:\/\/www.italy-travels.it\/fr\/wp-json\/wp\/v2\/types\/post"}],"author":[{"embeddable":true,"href":"https:\/\/www.italy-travels.it\/fr\/wp-json\/wp\/v2\/users\/1"}],"replies":[{"embeddable":true,"href":"https:\/\/www.italy-travels.it\/fr\/wp-json\/wp\/v2\/comments?post=4805"}],"version-history":[{"count":14,"href":"https:\/\/www.italy-travels.it\/fr\/wp-json\/wp\/v2\/posts\/4805\/revisions"}],"predecessor-version":[{"id":4837,"href":"https:\/\/www.italy-travels.it\/fr\/wp-json\/wp\/v2\/posts\/4805\/revisions\/4837"}],"wp:featuredmedia":[{"embeddable":true,"href":"https:\/\/www.italy-travels.it\/fr\/wp-json\/wp\/v2\/media\/4806"}],"wp:attachment":[{"href":"https:\/\/www.italy-travels.it\/fr\/wp-json\/wp\/v2\/media?parent=4805"}],"wp:term":[{"taxonomy":"category","embeddable":true,"href":"https:\/\/www.italy-travels.it\/fr\/wp-json\/wp\/v2\/categories?post=4805"},{"taxonomy":"post_tag","embeddable":true,"href":"https:\/\/www.italy-travels.it\/fr\/wp-json\/wp\/v2\/tags?post=4805"}],"curies":[{"name":"wp","href":"https:\/\/api.w.org\/{rel}","templated":true}]}}