{"id":3706,"date":"2018-12-04T11:09:20","date_gmt":"2018-12-04T10:09:20","guid":{"rendered":"https:\/\/www.italy-travels.it\/?p=3706"},"modified":"2018-12-04T11:11:34","modified_gmt":"2018-12-04T10:11:34","slug":"les-marches-de-noel-en-venetie","status":"publish","type":"post","link":"https:\/\/www.italy-travels.it\/fr\/les-marches-de-noel-en-venetie\/","title":{"rendered":"Les march\u00e9s de No\u00ebl en V\u00e9n\u00e9tie"},"content":{"rendered":"<p>Les f\u00eates de fin d\u2019ann\u00e9e approchent et les march\u00e9s de No\u00ebl sont un \u00e9v\u00e8nement \u00e0 ne pas manquer dans les villes italiennes, Florence, Rome, les March\u00e9s de V\u00e9n\u00e9tie et bien d\u2019autres encore vous attendent!<\/p>\n<p>Pendant les p\u00e9riodes des f\u00eates de No\u00ebl, les villes italiennes s\u2019illuminent. Dans le nord de l\u2019Italie, <a href=\"https:\/\/www.ticketsvenice.com\/fr\/expositions-et-mus\u00e9es\/venise-museum-pass\">en V\u00e9n\u00e9tie<\/a>, si vous avez le temps, venez parcourir la magie de No\u00ebl dans une des r\u00e9gions les plus belles de la p\u00e9ninsule. (Photo by Pixabay\/Free-Photos)<\/p>\n<h4><strong>March\u00e9 de No\u00ebl V\u00e9n\u00e9tie: V\u00e9rone<\/strong><\/h4>\n<p>Le march\u00e9 de No\u00ebl de V\u00e9rone est organis\u00e9 en collaboration avec le Christkindlmarkt de Nuremberg. Environ 80 exposants du march\u00e9 de No\u00ebl allemand se retrouvent \u00e0 V\u00e9rone. On retrouve leur gastronomie et leur artisanat. Jusqu\u2019au 26 d\u00e9cembre venez donc d\u00e9couvrir les stands du march\u00e9 de No\u00ebl de V\u00e9rone qui s\u2019\u00e9tendent dans une bonne partie du centre historique et des alentours, tandis que place Bra il est possible d\u2019admirer la superbe \u00e9toile de No\u00ebl qui part de l\u2019Ar\u00e8ne.<\/p>\n<div id=\"attachment_3708\" style=\"width: 1000px\" class=\"wp-caption aligncenter\"><img loading=\"lazy\" decoding=\"async\" aria-describedby=\"caption-attachment-3708\" class=\"size-full wp-image-3708\" src=\"https:\/\/www.italy-travels.it\/wp-content\/uploads\/2018\/12\/Schermata-2018-12-04-alle-10.18.44.png\" alt=\"March\u00e9 de No\u00ebl V\u00e9n\u00e9tie\" width=\"990\" height=\"982\" srcset=\"https:\/\/www.italy-travels.it\/wp-content\/uploads\/2018\/12\/Schermata-2018-12-04-alle-10.18.44.png 990w, https:\/\/www.italy-travels.it\/wp-content\/uploads\/2018\/12\/Schermata-2018-12-04-alle-10.18.44-150x150.png 150w, https:\/\/www.italy-travels.it\/wp-content\/uploads\/2018\/12\/Schermata-2018-12-04-alle-10.18.44-300x298.png 300w, https:\/\/www.italy-travels.it\/wp-content\/uploads\/2018\/12\/Schermata-2018-12-04-alle-10.18.44-768x762.png 768w\" sizes=\"(max-width: 990px) 100vw, 990px\" \/><p id=\"caption-attachment-3708\" class=\"wp-caption-text\">Photo by @danmancio<\/p><\/div>\n<h4><strong>March\u00e9 de No\u00ebl V\u00e9n\u00e9tie: Padoue<\/strong><\/h4>\n<p>Du 08 d\u00e9cembre au 06 janvier 2019 venez d\u00e9couvrir la Foire de No\u00ebl de Padoue o\u00f9 il vous sera possible de boire un verre de vin br\u00fbl\u00e9 ou une tasse de chocolat chaud ou encore de d\u00e9guster de d\u00e9licieux g\u00e2teaux dans l\u2019ambiance de No\u00ebl. Les stands sont de tous les genres, install\u00e9s place du Duomo et dans diff\u00e9rentes autres places de la ville. Piazza Capitanato devient le lieu par excellence o\u00f9 s\u2019anime le Village des Elfes et des F\u00e9es.<\/p>\n<h4><strong>March\u00e9 de No\u00ebl: Venise<\/strong><\/h4>\n<p><strong>\u00a0<\/strong>Dans la splendide ville de Venise rendez votre attente des f\u00eates de No\u00ebl inoubliables. Palazzo Zenobio, splendide palais de la fin du XVIIe si\u00e8cle rassemble des artisans de haut niveau, dans un lieu unique pour exposer et vendre leurs produits.\u00a0La S\u00e9renissime se d\u00e9guise \u00e9galement pour No\u00ebl. Entour\u00e9e d\u2019eau, venez voir la place Saint Marc qui pendant les f\u00eates est illumin\u00e9e \u00e0 minuit. Le chef lieu de la V\u00e9n\u00e9tie est un encha\u00eenement de lumi\u00e8res, de magasins aux vitrines richements d\u00e9cor\u00e9es et de manifestations typiques.<\/p>\n<div id=\"attachment_3725\" style=\"width: 984px\" class=\"wp-caption aligncenter\"><img loading=\"lazy\" decoding=\"async\" aria-describedby=\"caption-attachment-3725\" class=\"size-large wp-image-3725\" src=\"https:\/\/www.italy-travels.it\/wp-content\/uploads\/2018\/12\/flea-market-580580_1920-2-974x1024.jpg\" alt=\"March\u00e9 de No\u00ebl V\u00e9n\u00e9tie\" width=\"974\" height=\"1024\" srcset=\"https:\/\/www.italy-travels.it\/wp-content\/uploads\/2018\/12\/flea-market-580580_1920-2-974x1024.jpg 974w, https:\/\/www.italy-travels.it\/wp-content\/uploads\/2018\/12\/flea-market-580580_1920-2-285x300.jpg 285w, https:\/\/www.italy-travels.it\/wp-content\/uploads\/2018\/12\/flea-market-580580_1920-2-768x808.jpg 768w, https:\/\/www.italy-travels.it\/wp-content\/uploads\/2018\/12\/flea-market-580580_1920-2-1080x1136.jpg 1080w, https:\/\/www.italy-travels.it\/wp-content\/uploads\/2018\/12\/flea-market-580580_1920-2.jpg 1826w\" sizes=\"(max-width: 974px) 100vw, 974px\" \/><p id=\"caption-attachment-3725\" class=\"wp-caption-text\">Photo by pcdazero<\/p><\/div>\n<p>&nbsp;<\/p>\n<h4><strong>March\u00e9 de No\u00ebl: Bassano del Grappa<\/strong><\/h4>\n<p>Pour les plus fortun\u00e9s qui s\u2019attardent un peu plus longtemps dans la r\u00e9gion, arr\u00eatez-vous dans la jolie petite ville de Bassano del Grappa qui est envahie au moment de No\u00ebl par les couleurs et les parfums des stands du March\u00e9 de No\u00ebl qui se d\u00e9roule du 17 novembre au 26 d\u00e8cembre 2018 dans deux des plus grandes places de la ville: Piazza Garibaldi et Piazza Libert\u00e0.<\/p>\n<h4><strong>March\u00e9 de No\u00ebl: Castelfranco Veneto<\/strong><\/h4>\n<p>Cette ann\u00e9e Castelfranco Veneto pr\u00e9sentera l\u2019atmosph\u00e8re magique des march\u00e9s de No\u00ebl. Les stands sont install\u00e9s autour des murs du coeur historique de la ville. Dans les jardins devant la Villa Barbarella est install\u00e9e la piste de patinage sur glace!<\/p>\n<h4><strong>March\u00e9 de No\u00ebl: Jesolo<\/strong><\/h4>\n<p>M\u00eame le bord de mer, Jesolo, c\u00e9l\u00e8bre station baln\u00e9aire de la r\u00e9gion organise un Christmas Village. Jusqu\u2019au 13 janvier, un authentique village avec 70 maisonnettes en bois qui proposent bien \u00e9videmment des objets aux th\u00e8mes de No\u00ebl!<\/p>\n<p><a href=\"https:\/\/www.ticketsvenice.com\/fr\/\">Pour voir l\u2019Italie autrement<\/a>, au moment de No\u00ebl, les march\u00e9s de No\u00ebl du Veneto vous attendent!<\/p>\n","protected":false},"excerpt":{"rendered":"<p>Lors des p\u00e9riodes des f\u00eates de No\u00ebl, les villes italiennes s\u2019illuminent. En V\u00e9n\u00e9tie, venez d\u00e9couvrir la magie de No\u00ebl dans une des r\u00e9gions les plus belles de la p\u00e9ninsule.<\/p>\n","protected":false},"author":1,"featured_media":3712,"comment_status":"closed","ping_status":"closed","sticky":false,"template":"","format":"standard","meta":{"_et_pb_use_builder":"","_et_pb_old_content":"","_et_gb_content_width":"","footnotes":""},"categories":[154,175],"tags":[],"class_list":["post-3706","post","type-post","status-publish","format-standard","has-post-thumbnail","hentry","category-non-classifiee","category-venise"],"yoast_head":"<!-- This site is optimized with the Yoast SEO plugin v25.6 - https:\/\/yoast.com\/wordpress\/plugins\/seo\/ -->\n<title>Les march\u00e9s de No\u00ebl en V\u00e9n\u00e9tie - Italy Travels<\/title>\n<meta name=\"description\" content=\"March\u00e9 de No\u00ebl. Lors des p\u00e9riodes des f\u00eates de fin d&#039;ann\u00e9e, les villes italiennes s\u2019illuminent. En V\u00e9n\u00e9tie, venez d\u00e9couvrir les march\u00e9s de No\u00ebl.\" \/>\n<meta name=\"robots\" content=\"index, follow, max-snippet:-1, max-image-preview:large, max-video-preview:-1\" \/>\n<link rel=\"canonical\" href=\"https:\/\/www.italy-travels.it\/fr\/les-marches-de-noel-en-venetie\/\" \/>\n<meta property=\"og:locale\" content=\"fr_FR\" \/>\n<meta property=\"og:type\" content=\"article\" \/>\n<meta property=\"og:title\" content=\"Les march\u00e9s de No\u00ebl en V\u00e9n\u00e9tie - Italy Travels\" \/>\n<meta property=\"og:description\" content=\"March\u00e9 de No\u00ebl. Lors des p\u00e9riodes des f\u00eates de fin d&#039;ann\u00e9e, les villes italiennes s\u2019illuminent. En V\u00e9n\u00e9tie, venez d\u00e9couvrir les march\u00e9s de No\u00ebl.\" \/>\n<meta property=\"og:url\" content=\"https:\/\/www.italy-travels.it\/fr\/les-marches-de-noel-en-venetie\/\" \/>\n<meta property=\"og:site_name\" content=\"Italy Travels\" \/>\n<meta property=\"article:published_time\" content=\"2018-12-04T10:09:20+00:00\" \/>\n<meta property=\"article:modified_time\" content=\"2018-12-04T10:11:34+00:00\" \/>\n<meta property=\"og:image\" content=\"https:\/\/www.italy-travels.it\/wp-content\/uploads\/2018\/12\/christmas-tree-1149619_1920.jpg\" \/>\n\t<meta property=\"og:image:width\" content=\"1920\" \/>\n\t<meta property=\"og:image:height\" content=\"1280\" \/>\n\t<meta property=\"og:image:type\" content=\"image\/jpeg\" \/>\n<meta name=\"author\" content=\"itatadmin\" \/>\n<meta name=\"twitter:card\" content=\"summary_large_image\" \/>\n<meta name=\"twitter:label1\" content=\"\u00c9crit par\" \/>\n\t<meta name=\"twitter:data1\" content=\"itatadmin\" \/>\n\t<meta name=\"twitter:label2\" content=\"Dur\u00e9e de lecture estim\u00e9e\" \/>\n\t<meta name=\"twitter:data2\" content=\"3 minutes\" \/>\n<script type=\"application\/ld+json\" class=\"yoast-schema-graph\">{\"@context\":\"https:\/\/schema.org\",\"@graph\":[{\"@type\":\"WebPage\",\"@id\":\"https:\/\/www.italy-travels.it\/fr\/les-marches-de-noel-en-venetie\/\",\"url\":\"https:\/\/www.italy-travels.it\/fr\/les-marches-de-noel-en-venetie\/\",\"name\":\"Les march\u00e9s de No\u00ebl en V\u00e9n\u00e9tie - Italy Travels\",\"isPartOf\":{\"@id\":\"https:\/\/www.italy-travels.it\/fr\/#website\"},\"primaryImageOfPage\":{\"@id\":\"https:\/\/www.italy-travels.it\/fr\/les-marches-de-noel-en-venetie\/#primaryimage\"},\"image\":{\"@id\":\"https:\/\/www.italy-travels.it\/fr\/les-marches-de-noel-en-venetie\/#primaryimage\"},\"thumbnailUrl\":\"https:\/\/www.italy-travels.it\/wp-content\/uploads\/2018\/12\/christmas-tree-1149619_1920.jpg\",\"datePublished\":\"2018-12-04T10:09:20+00:00\",\"dateModified\":\"2018-12-04T10:11:34+00:00\",\"author\":{\"@id\":\"https:\/\/www.italy-travels.it\/fr\/#\/schema\/person\/a65c59df31375400514acee19f37438e\"},\"description\":\"March\u00e9 de No\u00ebl. Lors des p\u00e9riodes des f\u00eates de fin d'ann\u00e9e, les villes italiennes s\u2019illuminent. En V\u00e9n\u00e9tie, venez d\u00e9couvrir les march\u00e9s de No\u00ebl.\",\"breadcrumb\":{\"@id\":\"https:\/\/www.italy-travels.it\/fr\/les-marches-de-noel-en-venetie\/#breadcrumb\"},\"inLanguage\":\"fr-FR\",\"potentialAction\":[{\"@type\":\"ReadAction\",\"target\":[\"https:\/\/www.italy-travels.it\/fr\/les-marches-de-noel-en-venetie\/\"]}]},{\"@type\":\"ImageObject\",\"inLanguage\":\"fr-FR\",\"@id\":\"https:\/\/www.italy-travels.it\/fr\/les-marches-de-noel-en-venetie\/#primaryimage\",\"url\":\"https:\/\/www.italy-travels.it\/wp-content\/uploads\/2018\/12\/christmas-tree-1149619_1920.jpg\",\"contentUrl\":\"https:\/\/www.italy-travels.it\/wp-content\/uploads\/2018\/12\/christmas-tree-1149619_1920.jpg\",\"width\":1920,\"height\":1280,\"caption\":\"March\u00e9 de No\u00ebl V\u00e9n\u00e9tie\"},{\"@type\":\"BreadcrumbList\",\"@id\":\"https:\/\/www.italy-travels.it\/fr\/les-marches-de-noel-en-venetie\/#breadcrumb\",\"itemListElement\":[{\"@type\":\"ListItem\",\"position\":1,\"name\":\"Home\",\"item\":\"https:\/\/www.italy-travels.it\/fr\/\"},{\"@type\":\"ListItem\",\"position\":2,\"name\":\"Les march\u00e9s de No\u00ebl en V\u00e9n\u00e9tie\"}]},{\"@type\":\"WebSite\",\"@id\":\"https:\/\/www.italy-travels.it\/fr\/#website\",\"url\":\"https:\/\/www.italy-travels.it\/fr\/\",\"name\":\"Italy Travels\",\"description\":\"Tour operatorr\",\"potentialAction\":[{\"@type\":\"SearchAction\",\"target\":{\"@type\":\"EntryPoint\",\"urlTemplate\":\"https:\/\/www.italy-travels.it\/fr\/?s={search_term_string}\"},\"query-input\":{\"@type\":\"PropertyValueSpecification\",\"valueRequired\":true,\"valueName\":\"search_term_string\"}}],\"inLanguage\":\"fr-FR\"},{\"@type\":\"Person\",\"@id\":\"https:\/\/www.italy-travels.it\/fr\/#\/schema\/person\/a65c59df31375400514acee19f37438e\",\"name\":\"itatadmin\",\"image\":{\"@type\":\"ImageObject\",\"inLanguage\":\"fr-FR\",\"@id\":\"https:\/\/www.italy-travels.it\/fr\/#\/schema\/person\/image\/\",\"url\":\"https:\/\/secure.gravatar.com\/avatar\/b56d93cbfe12beda1d5802b1e8a78eb2?s=96&d=mm&r=g\",\"contentUrl\":\"https:\/\/secure.gravatar.com\/avatar\/b56d93cbfe12beda1d5802b1e8a78eb2?s=96&d=mm&r=g\",\"caption\":\"itatadmin\"},\"url\":\"https:\/\/www.italy-travels.it\/fr\/author\/itatadmin\/\"}]}<\/script>\n<!-- \/ Yoast SEO plugin. -->","yoast_head_json":{"title":"Les march\u00e9s de No\u00ebl en V\u00e9n\u00e9tie - Italy Travels","description":"March\u00e9 de No\u00ebl. Lors des p\u00e9riodes des f\u00eates de fin d'ann\u00e9e, les villes italiennes s\u2019illuminent. En V\u00e9n\u00e9tie, venez d\u00e9couvrir les march\u00e9s de No\u00ebl.","robots":{"index":"index","follow":"follow","max-snippet":"max-snippet:-1","max-image-preview":"max-image-preview:large","max-video-preview":"max-video-preview:-1"},"canonical":"https:\/\/www.italy-travels.it\/fr\/les-marches-de-noel-en-venetie\/","og_locale":"fr_FR","og_type":"article","og_title":"Les march\u00e9s de No\u00ebl en V\u00e9n\u00e9tie - Italy Travels","og_description":"March\u00e9 de No\u00ebl. Lors des p\u00e9riodes des f\u00eates de fin d'ann\u00e9e, les villes italiennes s\u2019illuminent. En V\u00e9n\u00e9tie, venez d\u00e9couvrir les march\u00e9s de No\u00ebl.","og_url":"https:\/\/www.italy-travels.it\/fr\/les-marches-de-noel-en-venetie\/","og_site_name":"Italy Travels","article_published_time":"2018-12-04T10:09:20+00:00","article_modified_time":"2018-12-04T10:11:34+00:00","og_image":[{"width":1920,"height":1280,"url":"https:\/\/www.italy-travels.it\/wp-content\/uploads\/2018\/12\/christmas-tree-1149619_1920.jpg","type":"image\/jpeg"}],"author":"itatadmin","twitter_card":"summary_large_image","twitter_misc":{"\u00c9crit par":"itatadmin","Dur\u00e9e de lecture estim\u00e9e":"3 minutes"},"schema":{"@context":"https:\/\/schema.org","@graph":[{"@type":"WebPage","@id":"https:\/\/www.italy-travels.it\/fr\/les-marches-de-noel-en-venetie\/","url":"https:\/\/www.italy-travels.it\/fr\/les-marches-de-noel-en-venetie\/","name":"Les march\u00e9s de No\u00ebl en V\u00e9n\u00e9tie - Italy Travels","isPartOf":{"@id":"https:\/\/www.italy-travels.it\/fr\/#website"},"primaryImageOfPage":{"@id":"https:\/\/www.italy-travels.it\/fr\/les-marches-de-noel-en-venetie\/#primaryimage"},"image":{"@id":"https:\/\/www.italy-travels.it\/fr\/les-marches-de-noel-en-venetie\/#primaryimage"},"thumbnailUrl":"https:\/\/www.italy-travels.it\/wp-content\/uploads\/2018\/12\/christmas-tree-1149619_1920.jpg","datePublished":"2018-12-04T10:09:20+00:00","dateModified":"2018-12-04T10:11:34+00:00","author":{"@id":"https:\/\/www.italy-travels.it\/fr\/#\/schema\/person\/a65c59df31375400514acee19f37438e"},"description":"March\u00e9 de No\u00ebl. Lors des p\u00e9riodes des f\u00eates de fin d'ann\u00e9e, les villes italiennes s\u2019illuminent. En V\u00e9n\u00e9tie, venez d\u00e9couvrir les march\u00e9s de No\u00ebl.","breadcrumb":{"@id":"https:\/\/www.italy-travels.it\/fr\/les-marches-de-noel-en-venetie\/#breadcrumb"},"inLanguage":"fr-FR","potentialAction":[{"@type":"ReadAction","target":["https:\/\/www.italy-travels.it\/fr\/les-marches-de-noel-en-venetie\/"]}]},{"@type":"ImageObject","inLanguage":"fr-FR","@id":"https:\/\/www.italy-travels.it\/fr\/les-marches-de-noel-en-venetie\/#primaryimage","url":"https:\/\/www.italy-travels.it\/wp-content\/uploads\/2018\/12\/christmas-tree-1149619_1920.jpg","contentUrl":"https:\/\/www.italy-travels.it\/wp-content\/uploads\/2018\/12\/christmas-tree-1149619_1920.jpg","width":1920,"height":1280,"caption":"March\u00e9 de No\u00ebl V\u00e9n\u00e9tie"},{"@type":"BreadcrumbList","@id":"https:\/\/www.italy-travels.it\/fr\/les-marches-de-noel-en-venetie\/#breadcrumb","itemListElement":[{"@type":"ListItem","position":1,"name":"Home","item":"https:\/\/www.italy-travels.it\/fr\/"},{"@type":"ListItem","position":2,"name":"Les march\u00e9s de No\u00ebl en V\u00e9n\u00e9tie"}]},{"@type":"WebSite","@id":"https:\/\/www.italy-travels.it\/fr\/#website","url":"https:\/\/www.italy-travels.it\/fr\/","name":"Italy Travels","description":"Tour operatorr","potentialAction":[{"@type":"SearchAction","target":{"@type":"EntryPoint","urlTemplate":"https:\/\/www.italy-travels.it\/fr\/?s={search_term_string}"},"query-input":{"@type":"PropertyValueSpecification","valueRequired":true,"valueName":"search_term_string"}}],"inLanguage":"fr-FR"},{"@type":"Person","@id":"https:\/\/www.italy-travels.it\/fr\/#\/schema\/person\/a65c59df31375400514acee19f37438e","name":"itatadmin","image":{"@type":"ImageObject","inLanguage":"fr-FR","@id":"https:\/\/www.italy-travels.it\/fr\/#\/schema\/person\/image\/","url":"https:\/\/secure.gravatar.com\/avatar\/b56d93cbfe12beda1d5802b1e8a78eb2?s=96&d=mm&r=g","contentUrl":"https:\/\/secure.gravatar.com\/avatar\/b56d93cbfe12beda1d5802b1e8a78eb2?s=96&d=mm&r=g","caption":"itatadmin"},"url":"https:\/\/www.italy-travels.it\/fr\/author\/itatadmin\/"}]}},"_links":{"self":[{"href":"https:\/\/www.italy-travels.it\/fr\/wp-json\/wp\/v2\/posts\/3706"}],"collection":[{"href":"https:\/\/www.italy-travels.it\/fr\/wp-json\/wp\/v2\/posts"}],"about":[{"href":"https:\/\/www.italy-travels.it\/fr\/wp-json\/wp\/v2\/types\/post"}],"author":[{"embeddable":true,"href":"https:\/\/www.italy-travels.it\/fr\/wp-json\/wp\/v2\/users\/1"}],"replies":[{"embeddable":true,"href":"https:\/\/www.italy-travels.it\/fr\/wp-json\/wp\/v2\/comments?post=3706"}],"version-history":[{"count":10,"href":"https:\/\/www.italy-travels.it\/fr\/wp-json\/wp\/v2\/posts\/3706\/revisions"}],"predecessor-version":[{"id":3731,"href":"https:\/\/www.italy-travels.it\/fr\/wp-json\/wp\/v2\/posts\/3706\/revisions\/3731"}],"wp:featuredmedia":[{"embeddable":true,"href":"https:\/\/www.italy-travels.it\/fr\/wp-json\/wp\/v2\/media\/3712"}],"wp:attachment":[{"href":"https:\/\/www.italy-travels.it\/fr\/wp-json\/wp\/v2\/media?parent=3706"}],"wp:term":[{"taxonomy":"category","embeddable":true,"href":"https:\/\/www.italy-travels.it\/fr\/wp-json\/wp\/v2\/categories?post=3706"},{"taxonomy":"post_tag","embeddable":true,"href":"https:\/\/www.italy-travels.it\/fr\/wp-json\/wp\/v2\/tags?post=3706"}],"curies":[{"name":"wp","href":"https:\/\/api.w.org\/{rel}","templated":true}]}}