{"id":3340,"date":"2018-11-16T12:10:49","date_gmt":"2018-11-16T11:10:49","guid":{"rendered":"https:\/\/www.italy-travels.it\/?p=3340"},"modified":"2018-11-30T14:23:03","modified_gmt":"2018-11-30T13:23:03","slug":"aux-musees-du-vatican-les-chambres-de-raffaello-di-sanzio","status":"publish","type":"post","link":"https:\/\/www.italy-travels.it\/fr\/aux-musees-du-vatican-les-chambres-de-raffaello-di-sanzio\/","title":{"rendered":"Aux Mus\u00e9es du Vatican: les Chambres de Raffaello di Sanzio"},"content":{"rendered":"<p>Aux Mus\u00e9es du Vatican. Parmi les chefs d\u2019oeuvres du Vatican, les <a href=\"https:\/\/www.ticketsrome.com\/fr\/le-vatican\">Chambres de Rapha\u00ebl (Stanze di Raffaello)<\/a>, mondialement connues, sont une \u00e9tape incontournable et inoubliable lors d\u2019une visite aux mus\u00e9es du Vatican. Elles ornent les appartements du pape Jules II qui commanda d\u00e8s 1507 \u00e0 Raffaello de d\u00e9corer ses appartements. L\u2019artiste commen\u00e7a d\u00e8s 1509 \u00e0 travailler dans la chambre de la Signature (Stanza della Segnatura) qui \u00e9tait \u00e0 la fois bureau et biblioth\u00e8que priv\u00e9e, de Jules II. Apr\u00e8s le succ\u00e8s de sa premi\u00e8re fresque, <em>L\u2019\u00c9cole d\u2019Ath\u00e8nes<\/em>, le peintre fut charg\u00e9 de l\u2019ensemble de la d\u00e9coration.<\/p>\n<p>Chaque mur de la biblioth\u00e8que correspond \u00e0 l\u2019une des 4 disciplines majeures: th\u00e9ologie, philosophie, droit et po\u00e9sie avec leurs all\u00e9gories dans les grands m\u00e9daillons ornant la vo\u00fbte.<\/p>\n<h4>Aux Mus\u00e9es du Vatican: l&rsquo;\u00c9cole d&rsquo;Ath\u00e8nes<\/h4>\n<p>Pour illustrer le th\u00e8me de la philosophie, Raffaello choisit un cadre antique o\u00f9 se trouvent les c\u00e9l\u00e8bres repr\u00e9sentants des principaux courants de la pens\u00e9e classique. La composition est encadr\u00e9e par une structure architecturale monumentale d&rsquo;origine classique qui se base sur l&rsquo;oeuvre de Bramante et \u00ab\u00a0r\u00e9alis\u00e9 en quelques journ\u00e9es de travail\u00a0\u00bb.<\/p>\n<p>Raffaello ins\u00e8re 58 personnages au centre de l&rsquo;oeuvre qui se regroupent sur deux plans \u00e0 l&rsquo;int\u00e9rieur d&rsquo;un temple id\u00e9al, inspir\u00e9 du projet de Bramante pour la r\u00e9alisation de la basilique pal\u00e9ochr\u00e9tienne de <a href=\"https:\/\/www.ticketsrome.com\/fr\/expositions-et-mus\u00e9es\/basilique-st-pierre-entr\u00e9e-sans-queue-audioguide\">Saint-Pierre \u00e0 Rome<\/a>. Il les incarne par les illustres artistes de son temps faisant ainsi de la Rome moderne, l&rsquo;\u00e9quivalent de la Gr\u00e8ce antique.<\/p>\n<p>Au centre de la composition figurent les deux plus grands philosophes de l\u2019Antiquit\u00e9, Platon et Aristote. \u00c0 gauche de Platon se trouvent Socrate et \u00e9tendu sur les marches de l\u2019escalier Diog\u00e8ne. Raffaello s\u2019est repr\u00e9sent\u00e9 lui-m\u00eame, dans l\u2019angle droit de la fresque, pr\u00e8s du pilier aux c\u00f4t\u00e9s d\u2019un autre peintre, Sodoma (Giovan Antonio Bazzi). On retrouve dans les traits de Platon, le peintre Leonardo da Vinci et dans les traits d\u2019H\u00e9raclite, le c\u00e9l\u00e8bre Michelangelo.<\/p>\n<p><img loading=\"lazy\" decoding=\"async\" class=\"aligncenter size-large wp-image-3530\" src=\"https:\/\/www.italy-travels.it\/wp-content\/uploads\/2018\/11\/IMG_1691-1024x683.jpg\" alt=\"cosa vedere ai musei Vaticani\" width=\"1024\" height=\"683\" srcset=\"https:\/\/www.italy-travels.it\/wp-content\/uploads\/2018\/11\/IMG_1691-1024x683.jpg 1024w, https:\/\/www.italy-travels.it\/wp-content\/uploads\/2018\/11\/IMG_1691-300x200.jpg 300w, https:\/\/www.italy-travels.it\/wp-content\/uploads\/2018\/11\/IMG_1691-768x512.jpg 768w, https:\/\/www.italy-travels.it\/wp-content\/uploads\/2018\/11\/IMG_1691-1080x720.jpg 1080w\" sizes=\"(max-width: 1024px) 100vw, 1024px\" \/><\/p>\n<p>&nbsp;<\/p>\n<p>L&rsquo;oeuvre de Raffaello s&rsquo;\u00e9tend bien \u00e9videmment aussi aux autres trois autres salles, la Chambre de Constantin, la Chambre d&rsquo;H\u00e9liodore r\u00e9alis\u00e9e avec son \u00e9l\u00e8ve Jules Romain et la Chambre de l&rsquo;Incendie du Borgo. Les fresques r\u00e9alis\u00e9es par Raffaello pour la Chambre de Constantin traitent du premier empereur \u00e0 avoir reconnu officiellement la religion chr\u00e9tienne \u00a0en lui conc\u00e9dant la libert\u00e9 de culte. Les fresques de la Chambre d&rsquo;H\u00e9liodore, la salle d&rsquo;audience de Jules II, \u00e9voquent toutes le pouvoir de l&rsquo;\u00c9glise. La Chambre de l&rsquo;Incendie du Borgo illustre les aspirations politiques de L\u00e9on X.<\/p>\n<h4>Aux Mus\u00e9es du Vatican: Raffaello, l&rsquo;artiste solitaire<\/h4>\n<p>La personnalit\u00e9 de Raffaello est l\u2019oppos\u00e9 de Michelangelo: L\u2019un extraverti, l\u2019autre solitaire et fuyant. Originaire d\u2019Urbino, en 1500 il travaille dans l\u2019atelier du Perugino et quatre ans apr\u00e8s il arrive \u00e0 Florence o\u00f9 il est appel\u00e9 par plusieurs commanditaires. Il est appel\u00e9 en 1520 \u00e0 Rome par Jules II pour peindre \u00e0 fresque les chambres de ses appartements au Vatican lequel (\u00e0 l\u2019origine \u00e9tait une biblioth\u00e8que secr\u00e8te du pape). C\u2019est ainsi qu\u2019en 1508 avec la Chambre de la Signature en poursuivant avec la Chambre d\u2019H\u00e9liodore. En 1515, \u00e0 l\u2019\u00e9poque de L\u00e9on X, apr\u00e8s la mort de son rival Bramante, Raffaello devint architecte officiel de la Fabbrica di San Pietro et surintendant des antiquit\u00e9s romaines.<\/p>\n<p><img loading=\"lazy\" decoding=\"async\" class=\"aligncenter size-large wp-image-3359\" src=\"https:\/\/www.italy-travels.it\/wp-content\/uploads\/2018\/11\/IMG_1686-1024x683.jpg\" alt=\"Aux Mus\u00e9es du Vatican\" width=\"1024\" height=\"683\" srcset=\"https:\/\/www.italy-travels.it\/wp-content\/uploads\/2018\/11\/IMG_1686-1024x683.jpg 1024w, https:\/\/www.italy-travels.it\/wp-content\/uploads\/2018\/11\/IMG_1686-300x200.jpg 300w, https:\/\/www.italy-travels.it\/wp-content\/uploads\/2018\/11\/IMG_1686-768x512.jpg 768w, https:\/\/www.italy-travels.it\/wp-content\/uploads\/2018\/11\/IMG_1686-1080x720.jpg 1080w\" sizes=\"(max-width: 1024px) 100vw, 1024px\" \/><\/p>\n<p>Lors de votre visite aux Mus\u00e9es du Vatican, ne manquez par un arr\u00eat aux Chambres de Raffaello et avec un peu de chance vous pourrez contemplez sans trop de foule, les somptueuses fresques du peintre d&rsquo;Urbino.<\/p>\n<p>&nbsp;<\/p>\n","protected":false},"excerpt":{"rendered":"<p>Parmi les chefs d\u2019oeuvres du Vatican, les Chambres de Rapha\u00ebl, mondialement connues, sont une \u00e9tape incontournable lors d\u2019une visite aux mus\u00e9es du Vatican.<\/p>\n","protected":false},"author":1,"featured_media":3477,"comment_status":"closed","ping_status":"closed","sticky":false,"template":"","format":"standard","meta":{"_et_pb_use_builder":"","_et_pb_old_content":"","_et_gb_content_width":"","footnotes":""},"categories":[154,173],"tags":[],"class_list":["post-3340","post","type-post","status-publish","format-standard","has-post-thumbnail","hentry","category-non-classifiee","category-rome-2"],"yoast_head":"<!-- This site is optimized with the Yoast SEO plugin v25.6 - https:\/\/yoast.com\/wordpress\/plugins\/seo\/ -->\n<title>Aux Mus\u00e9es du Vatican: les Chambres de Raffaello di Sanzio - Italy Travels<\/title>\n<meta name=\"description\" content=\"Parmi les chefs d\u2019oeuvres du Vatican, les Chambres de Rapha\u00ebl, mondialement connues, sont une \u00e9tape incontournable lors d\u2019une visite aux mus\u00e9es du Vatican.\" \/>\n<meta name=\"robots\" content=\"index, follow, max-snippet:-1, max-image-preview:large, max-video-preview:-1\" \/>\n<link rel=\"canonical\" href=\"https:\/\/www.italy-travels.it\/fr\/aux-musees-du-vatican-les-chambres-de-raffaello-di-sanzio\/\" \/>\n<meta property=\"og:locale\" content=\"fr_FR\" \/>\n<meta property=\"og:type\" content=\"article\" \/>\n<meta property=\"og:title\" content=\"Aux Mus\u00e9es du Vatican: les Chambres de Raffaello di Sanzio - Italy Travels\" \/>\n<meta property=\"og:description\" content=\"Parmi les chefs d\u2019oeuvres du Vatican, les Chambres de Rapha\u00ebl, mondialement connues, sont une \u00e9tape incontournable lors d\u2019une visite aux mus\u00e9es du Vatican.\" \/>\n<meta property=\"og:url\" content=\"https:\/\/www.italy-travels.it\/fr\/aux-musees-du-vatican-les-chambres-de-raffaello-di-sanzio\/\" \/>\n<meta property=\"og:site_name\" content=\"Italy Travels\" \/>\n<meta property=\"article:published_time\" content=\"2018-11-16T11:10:49+00:00\" \/>\n<meta property=\"article:modified_time\" content=\"2018-11-30T13:23:03+00:00\" \/>\n<meta property=\"og:image\" content=\"https:\/\/www.italy-travels.it\/wp-content\/uploads\/2018\/11\/IMG_1684-1-1024x683.jpg\" \/>\n\t<meta property=\"og:image:width\" content=\"1024\" \/>\n\t<meta property=\"og:image:height\" content=\"683\" \/>\n\t<meta property=\"og:image:type\" content=\"image\/jpeg\" \/>\n<meta name=\"author\" content=\"itatadmin\" \/>\n<meta name=\"twitter:card\" content=\"summary_large_image\" \/>\n<meta name=\"twitter:label1\" content=\"\u00c9crit par\" \/>\n\t<meta name=\"twitter:data1\" content=\"itatadmin\" \/>\n\t<meta name=\"twitter:label2\" content=\"Dur\u00e9e de lecture estim\u00e9e\" \/>\n\t<meta name=\"twitter:data2\" content=\"3 minutes\" \/>\n<script type=\"application\/ld+json\" class=\"yoast-schema-graph\">{\"@context\":\"https:\/\/schema.org\",\"@graph\":[{\"@type\":\"WebPage\",\"@id\":\"https:\/\/www.italy-travels.it\/fr\/aux-musees-du-vatican-les-chambres-de-raffaello-di-sanzio\/\",\"url\":\"https:\/\/www.italy-travels.it\/fr\/aux-musees-du-vatican-les-chambres-de-raffaello-di-sanzio\/\",\"name\":\"Aux Mus\u00e9es du Vatican: les Chambres de Raffaello di Sanzio - Italy Travels\",\"isPartOf\":{\"@id\":\"https:\/\/www.italy-travels.it\/fr\/#website\"},\"primaryImageOfPage\":{\"@id\":\"https:\/\/www.italy-travels.it\/fr\/aux-musees-du-vatican-les-chambres-de-raffaello-di-sanzio\/#primaryimage\"},\"image\":{\"@id\":\"https:\/\/www.italy-travels.it\/fr\/aux-musees-du-vatican-les-chambres-de-raffaello-di-sanzio\/#primaryimage\"},\"thumbnailUrl\":\"https:\/\/www.italy-travels.it\/wp-content\/uploads\/2018\/11\/IMG_1684-1.jpg\",\"datePublished\":\"2018-11-16T11:10:49+00:00\",\"dateModified\":\"2018-11-30T13:23:03+00:00\",\"author\":{\"@id\":\"https:\/\/www.italy-travels.it\/fr\/#\/schema\/person\/a65c59df31375400514acee19f37438e\"},\"description\":\"Parmi les chefs d\u2019oeuvres du Vatican, les Chambres de Rapha\u00ebl, mondialement connues, sont une \u00e9tape incontournable lors d\u2019une visite aux mus\u00e9es du Vatican.\",\"breadcrumb\":{\"@id\":\"https:\/\/www.italy-travels.it\/fr\/aux-musees-du-vatican-les-chambres-de-raffaello-di-sanzio\/#breadcrumb\"},\"inLanguage\":\"fr-FR\",\"potentialAction\":[{\"@type\":\"ReadAction\",\"target\":[\"https:\/\/www.italy-travels.it\/fr\/aux-musees-du-vatican-les-chambres-de-raffaello-di-sanzio\/\"]}]},{\"@type\":\"ImageObject\",\"inLanguage\":\"fr-FR\",\"@id\":\"https:\/\/www.italy-travels.it\/fr\/aux-musees-du-vatican-les-chambres-de-raffaello-di-sanzio\/#primaryimage\",\"url\":\"https:\/\/www.italy-travels.it\/wp-content\/uploads\/2018\/11\/IMG_1684-1.jpg\",\"contentUrl\":\"https:\/\/www.italy-travels.it\/wp-content\/uploads\/2018\/11\/IMG_1684-1.jpg\",\"width\":5184,\"height\":3456,\"caption\":\"Aux mus\u00e9es du Vatican\"},{\"@type\":\"BreadcrumbList\",\"@id\":\"https:\/\/www.italy-travels.it\/fr\/aux-musees-du-vatican-les-chambres-de-raffaello-di-sanzio\/#breadcrumb\",\"itemListElement\":[{\"@type\":\"ListItem\",\"position\":1,\"name\":\"Home\",\"item\":\"https:\/\/www.italy-travels.it\/fr\/\"},{\"@type\":\"ListItem\",\"position\":2,\"name\":\"Aux Mus\u00e9es du Vatican: les Chambres de Raffaello di Sanzio\"}]},{\"@type\":\"WebSite\",\"@id\":\"https:\/\/www.italy-travels.it\/fr\/#website\",\"url\":\"https:\/\/www.italy-travels.it\/fr\/\",\"name\":\"Italy Travels\",\"description\":\"Tour operatorr\",\"potentialAction\":[{\"@type\":\"SearchAction\",\"target\":{\"@type\":\"EntryPoint\",\"urlTemplate\":\"https:\/\/www.italy-travels.it\/fr\/?s={search_term_string}\"},\"query-input\":{\"@type\":\"PropertyValueSpecification\",\"valueRequired\":true,\"valueName\":\"search_term_string\"}}],\"inLanguage\":\"fr-FR\"},{\"@type\":\"Person\",\"@id\":\"https:\/\/www.italy-travels.it\/fr\/#\/schema\/person\/a65c59df31375400514acee19f37438e\",\"name\":\"itatadmin\",\"image\":{\"@type\":\"ImageObject\",\"inLanguage\":\"fr-FR\",\"@id\":\"https:\/\/www.italy-travels.it\/fr\/#\/schema\/person\/image\/\",\"url\":\"https:\/\/secure.gravatar.com\/avatar\/b56d93cbfe12beda1d5802b1e8a78eb2?s=96&d=mm&r=g\",\"contentUrl\":\"https:\/\/secure.gravatar.com\/avatar\/b56d93cbfe12beda1d5802b1e8a78eb2?s=96&d=mm&r=g\",\"caption\":\"itatadmin\"},\"url\":\"https:\/\/www.italy-travels.it\/fr\/author\/itatadmin\/\"}]}<\/script>\n<!-- \/ Yoast SEO plugin. -->","yoast_head_json":{"title":"Aux Mus\u00e9es du Vatican: les Chambres de Raffaello di Sanzio - Italy Travels","description":"Parmi les chefs d\u2019oeuvres du Vatican, les Chambres de Rapha\u00ebl, mondialement connues, sont une \u00e9tape incontournable lors d\u2019une visite aux mus\u00e9es du Vatican.","robots":{"index":"index","follow":"follow","max-snippet":"max-snippet:-1","max-image-preview":"max-image-preview:large","max-video-preview":"max-video-preview:-1"},"canonical":"https:\/\/www.italy-travels.it\/fr\/aux-musees-du-vatican-les-chambres-de-raffaello-di-sanzio\/","og_locale":"fr_FR","og_type":"article","og_title":"Aux Mus\u00e9es du Vatican: les Chambres de Raffaello di Sanzio - Italy Travels","og_description":"Parmi les chefs d\u2019oeuvres du Vatican, les Chambres de Rapha\u00ebl, mondialement connues, sont une \u00e9tape incontournable lors d\u2019une visite aux mus\u00e9es du Vatican.","og_url":"https:\/\/www.italy-travels.it\/fr\/aux-musees-du-vatican-les-chambres-de-raffaello-di-sanzio\/","og_site_name":"Italy Travels","article_published_time":"2018-11-16T11:10:49+00:00","article_modified_time":"2018-11-30T13:23:03+00:00","og_image":[{"width":1024,"height":683,"url":"https:\/\/www.italy-travels.it\/wp-content\/uploads\/2018\/11\/IMG_1684-1-1024x683.jpg","type":"image\/jpeg"}],"author":"itatadmin","twitter_card":"summary_large_image","twitter_misc":{"\u00c9crit par":"itatadmin","Dur\u00e9e de lecture estim\u00e9e":"3 minutes"},"schema":{"@context":"https:\/\/schema.org","@graph":[{"@type":"WebPage","@id":"https:\/\/www.italy-travels.it\/fr\/aux-musees-du-vatican-les-chambres-de-raffaello-di-sanzio\/","url":"https:\/\/www.italy-travels.it\/fr\/aux-musees-du-vatican-les-chambres-de-raffaello-di-sanzio\/","name":"Aux Mus\u00e9es du Vatican: les Chambres de Raffaello di Sanzio - Italy Travels","isPartOf":{"@id":"https:\/\/www.italy-travels.it\/fr\/#website"},"primaryImageOfPage":{"@id":"https:\/\/www.italy-travels.it\/fr\/aux-musees-du-vatican-les-chambres-de-raffaello-di-sanzio\/#primaryimage"},"image":{"@id":"https:\/\/www.italy-travels.it\/fr\/aux-musees-du-vatican-les-chambres-de-raffaello-di-sanzio\/#primaryimage"},"thumbnailUrl":"https:\/\/www.italy-travels.it\/wp-content\/uploads\/2018\/11\/IMG_1684-1.jpg","datePublished":"2018-11-16T11:10:49+00:00","dateModified":"2018-11-30T13:23:03+00:00","author":{"@id":"https:\/\/www.italy-travels.it\/fr\/#\/schema\/person\/a65c59df31375400514acee19f37438e"},"description":"Parmi les chefs d\u2019oeuvres du Vatican, les Chambres de Rapha\u00ebl, mondialement connues, sont une \u00e9tape incontournable lors d\u2019une visite aux mus\u00e9es du Vatican.","breadcrumb":{"@id":"https:\/\/www.italy-travels.it\/fr\/aux-musees-du-vatican-les-chambres-de-raffaello-di-sanzio\/#breadcrumb"},"inLanguage":"fr-FR","potentialAction":[{"@type":"ReadAction","target":["https:\/\/www.italy-travels.it\/fr\/aux-musees-du-vatican-les-chambres-de-raffaello-di-sanzio\/"]}]},{"@type":"ImageObject","inLanguage":"fr-FR","@id":"https:\/\/www.italy-travels.it\/fr\/aux-musees-du-vatican-les-chambres-de-raffaello-di-sanzio\/#primaryimage","url":"https:\/\/www.italy-travels.it\/wp-content\/uploads\/2018\/11\/IMG_1684-1.jpg","contentUrl":"https:\/\/www.italy-travels.it\/wp-content\/uploads\/2018\/11\/IMG_1684-1.jpg","width":5184,"height":3456,"caption":"Aux mus\u00e9es du Vatican"},{"@type":"BreadcrumbList","@id":"https:\/\/www.italy-travels.it\/fr\/aux-musees-du-vatican-les-chambres-de-raffaello-di-sanzio\/#breadcrumb","itemListElement":[{"@type":"ListItem","position":1,"name":"Home","item":"https:\/\/www.italy-travels.it\/fr\/"},{"@type":"ListItem","position":2,"name":"Aux Mus\u00e9es du Vatican: les Chambres de Raffaello di Sanzio"}]},{"@type":"WebSite","@id":"https:\/\/www.italy-travels.it\/fr\/#website","url":"https:\/\/www.italy-travels.it\/fr\/","name":"Italy Travels","description":"Tour operatorr","potentialAction":[{"@type":"SearchAction","target":{"@type":"EntryPoint","urlTemplate":"https:\/\/www.italy-travels.it\/fr\/?s={search_term_string}"},"query-input":{"@type":"PropertyValueSpecification","valueRequired":true,"valueName":"search_term_string"}}],"inLanguage":"fr-FR"},{"@type":"Person","@id":"https:\/\/www.italy-travels.it\/fr\/#\/schema\/person\/a65c59df31375400514acee19f37438e","name":"itatadmin","image":{"@type":"ImageObject","inLanguage":"fr-FR","@id":"https:\/\/www.italy-travels.it\/fr\/#\/schema\/person\/image\/","url":"https:\/\/secure.gravatar.com\/avatar\/b56d93cbfe12beda1d5802b1e8a78eb2?s=96&d=mm&r=g","contentUrl":"https:\/\/secure.gravatar.com\/avatar\/b56d93cbfe12beda1d5802b1e8a78eb2?s=96&d=mm&r=g","caption":"itatadmin"},"url":"https:\/\/www.italy-travels.it\/fr\/author\/itatadmin\/"}]}},"_links":{"self":[{"href":"https:\/\/www.italy-travels.it\/fr\/wp-json\/wp\/v2\/posts\/3340"}],"collection":[{"href":"https:\/\/www.italy-travels.it\/fr\/wp-json\/wp\/v2\/posts"}],"about":[{"href":"https:\/\/www.italy-travels.it\/fr\/wp-json\/wp\/v2\/types\/post"}],"author":[{"embeddable":true,"href":"https:\/\/www.italy-travels.it\/fr\/wp-json\/wp\/v2\/users\/1"}],"replies":[{"embeddable":true,"href":"https:\/\/www.italy-travels.it\/fr\/wp-json\/wp\/v2\/comments?post=3340"}],"version-history":[{"count":21,"href":"https:\/\/www.italy-travels.it\/fr\/wp-json\/wp\/v2\/posts\/3340\/revisions"}],"predecessor-version":[{"id":3534,"href":"https:\/\/www.italy-travels.it\/fr\/wp-json\/wp\/v2\/posts\/3340\/revisions\/3534"}],"wp:featuredmedia":[{"embeddable":true,"href":"https:\/\/www.italy-travels.it\/fr\/wp-json\/wp\/v2\/media\/3477"}],"wp:attachment":[{"href":"https:\/\/www.italy-travels.it\/fr\/wp-json\/wp\/v2\/media?parent=3340"}],"wp:term":[{"taxonomy":"category","embeddable":true,"href":"https:\/\/www.italy-travels.it\/fr\/wp-json\/wp\/v2\/categories?post=3340"},{"taxonomy":"post_tag","embeddable":true,"href":"https:\/\/www.italy-travels.it\/fr\/wp-json\/wp\/v2\/tags?post=3340"}],"curies":[{"name":"wp","href":"https:\/\/api.w.org\/{rel}","templated":true}]}}